{"id":23685,"date":"2023-01-13T10:10:26","date_gmt":"2023-01-13T10:10:26","guid":{"rendered":"https:\/\/peggada.com\/a-mini-forest-is-being-born-in-lisbon-and-you-can-be-part-of-it\/"},"modified":"2023-02-20T18:01:28","modified_gmt":"2023-02-20T18:01:28","slug":"a-mini-forest-is-being-born-in-lisbon-and-you-can-be-part-of-it","status":"publish","type":"post","link":"https:\/\/peggada.com\/en\/a-mini-forest-is-being-born-in-lisbon-and-you-can-be-part-of-it\/","title":{"rendered":"A mini-forest is being born in Lisbon &#8211; and you can be part of it"},"content":{"rendered":"\t\t<div data-elementor-type=\"wp-post\" data-elementor-id=\"23685\" class=\"elementor elementor-23685 elementor-18388\" data-elementor-post-type=\"post\">\n\t\t\t\t<div data-particle_enable=\"false\" data-particle-mobile-disabled=\"false\" class=\"elementor-element elementor-element-c6aea77 e-flex e-con-boxed e-con e-parent\" data-id=\"c6aea77\" data-element_type=\"container\" data-e-type=\"container\">\n\t\t\t\t\t<div class=\"e-con-inner\">\n\t\t\t\t<div class=\"elementor-element elementor-element-17f8ca1 elementor-widget elementor-widget-text-editor\" data-id=\"17f8ca1\" data-element_type=\"widget\" data-e-type=\"widget\" data-widget_type=\"text-editor.default\">\n\t\t\t\t<div class=\"elementor-widget-container\">\n\t\t\t\t\t\t\t\t\t<p><strong>The afforestation method accelerates their growth and helps in the resilience of cities to climate change.<\/strong><\/p>\n\t\t\t\t\t\t\t\t<\/div>\n\t\t\t\t<\/div>\n\t\t\t\t\t<\/div>\n\t\t\t\t<\/div>\n\t\t<div data-particle_enable=\"false\" data-particle-mobile-disabled=\"false\" class=\"elementor-element elementor-element-99b2e58 e-flex e-con-boxed e-con e-parent\" data-id=\"99b2e58\" data-element_type=\"container\" data-e-type=\"container\">\n\t\t\t\t\t<div class=\"e-con-inner\">\n\t\t\t\t<div class=\"elementor-element elementor-element-300c19c elementor-widget elementor-widget-text-editor\" data-id=\"300c19c\" data-element_type=\"widget\" data-e-type=\"widget\" data-widget_type=\"text-editor.default\">\n\t\t\t\t<div class=\"elementor-widget-container\">\n\t\t\t\t\t\t\t\t\t<p>A mini forest is being created at Casal Vistoso Urban Park, in Areeiro, being already the third of its kind in Lisbon. The initiative comes from the non-profit organization Urbem in partnership with the Lisbon City Hall. The process<br \/>used allows the development of natural forests in small spaces<br \/>(such as urban parks) relatively faster than traditional afforestation methods. <strong>The first action takes place next weekend, on January 13, 14 and 15.<\/strong><\/p>\n<p>Based on the method of Japanese botanist Akira Miyawaki, this technique helps cities become more resilient to climate change by planting<br \/>dense native trees, shrubs and grasses and the creation of ponds and wildflower meadows, which contribute to water infiltration and the strengthening of biodiversity in urban centers.<\/p>\n<p><strong>After soil preparation, which began in December, planting is now underway.<\/strong> After this stage, the maintenance and monitoring phase follows, in which all the species planted are mapped and a follow-up of their<br \/>survival. Within three years, it is estimated that the ecosystem generated will be self-sustaining and capable of absorbing more carbon than a conventional forest. At any stage, the association invites the community to come together and engage with nature.<\/p>\n<p>Anyone can participate for free and without registration (you can join Urbem&#8217;s group on the Meetup platform), just bring gloves (gardening or kitchen) and appropriate footwear and show up between 10am-1pm and 2pm-5pm.<\/p>\n\t\t\t\t\t\t\t\t<\/div>\n\t\t\t\t<\/div>\n\t\t\t\t\t<\/div>\n\t\t\t\t<\/div>\n\t\t\t\t<section data-particle_enable=\"false\" data-particle-mobile-disabled=\"false\" class=\"elementor-section elementor-top-section elementor-element elementor-element-5d24d947 elementor-section-boxed elementor-section-height-default elementor-section-height-default\" data-id=\"5d24d947\" data-element_type=\"section\" data-e-type=\"section\">\n\t\t\t\t\t\t<div class=\"elementor-container elementor-column-gap-default\">\n\t\t\t\t\t<div class=\"elementor-column elementor-col-50 elementor-top-column elementor-element elementor-element-32a333e\" data-id=\"32a333e\" data-element_type=\"column\" data-e-type=\"column\">\n\t\t\t<div class=\"elementor-widget-wrap elementor-element-populated\">\n\t\t\t\t\t\t<div class=\"elementor-element elementor-element-edf1a52 elementor-widget elementor-widget-image\" data-id=\"edf1a52\" data-element_type=\"widget\" data-e-type=\"widget\" data-widget_type=\"image.default\">\n\t\t\t\t<div class=\"elementor-widget-container\">\n\t\t\t\t\t\t\t\t\t\t\t\t<figure class=\"wp-caption\">\n\t\t\t\t\t\t\t\t\t\t<img decoding=\"async\" width=\"150\" height=\"150\" src=\"https:\/\/peggada.com\/wp-content\/uploads\/2022\/05\/photo-01-150x150.jpg\" class=\"attachment-thumbnail size-thumbnail wp-image-12463\" alt=\"\" srcset=\"https:\/\/peggada.com\/wp-content\/uploads\/2022\/05\/photo-01-150x150.jpg 150w, https:\/\/peggada.com\/wp-content\/uploads\/2022\/05\/photo-01-63x63.jpg 63w, https:\/\/peggada.com\/wp-content\/uploads\/2022\/05\/photo-01-84x84.jpg 84w\" sizes=\"(max-width: 150px) 100vw, 150px\" \/>\t\t\t\t\t\t\t\t\t\t\t<figcaption class=\"widget-image-caption wp-caption-text\">Author: Sofia Vila Flor<\/figcaption>\n\t\t\t\t\t\t\t\t\t\t<\/figure>\n\t\t\t\t\t\t\t\t\t<\/div>\n\t\t\t\t<\/div>\n\t\t\t\t\t<\/div>\n\t\t<\/div>\n\t\t\t\t<div class=\"elementor-column elementor-col-50 elementor-top-column elementor-element elementor-element-425af5a\" data-id=\"425af5a\" data-element_type=\"column\" data-e-type=\"column\">\n\t\t\t<div class=\"elementor-widget-wrap elementor-element-populated\">\n\t\t\t\t\t\t<div class=\"elementor-element elementor-element-54208571 elementor-widget elementor-widget-heading\" data-id=\"54208571\" data-element_type=\"widget\" data-e-type=\"widget\" data-widget_type=\"heading.default\">\n\t\t\t\t<div class=\"elementor-widget-container\">\n\t\t\t\t\t<h2 class=\"elementor-heading-title elementor-size-small\">She could have studied Meteorology and Oceanography but ended up going for Communication. And that's fine because if they don't get their weather predictions right, she wasn't the one who would change that. She started by looking for sustainable ideas and projects for her university, and since then, she has never stopped (who stops, really?). She loves to watch series, but she watches few because she is demanding. You don't need much to convince her to embrace new, \"greener\" habits and challenges.<\/h2>\t\t\t\t<\/div>\n\t\t\t\t<\/div>\n\t\t\t\t<div class=\"elementor-element elementor-element-51eeb880 elementor-widget elementor-widget-heading\" data-id=\"51eeb880\" data-element_type=\"widget\" data-e-type=\"widget\" data-widget_type=\"heading.default\">\n\t\t\t\t<div class=\"elementor-widget-container\">\n\t\t\t\t\t<h3 class=\"elementor-heading-title elementor-size-default\"><a href=\"https:\/\/peggada.com\/en\/tag\/sofia-vila-flor-en\/\" target=\"_blank\">You can see more of Sofia's articles here.<\/a><\/h3>\t\t\t\t<\/div>\n\t\t\t\t<\/div>\n\t\t\t\t\t<\/div>\n\t\t<\/div>\n\t\t\t\t\t<\/div>\n\t\t<\/section>\n\t\t<div data-particle_enable=\"false\" data-particle-mobile-disabled=\"false\" class=\"elementor-element elementor-element-36451811 e-flex e-con-boxed e-con e-parent\" data-id=\"36451811\" data-element_type=\"container\" data-e-type=\"container\">\n\t\t\t\t\t<div class=\"e-con-inner\">\n\t\t\t\t<div class=\"elementor-element elementor-element-64e0e411 elementor-widget-divider--view-line elementor-widget elementor-widget-divider\" data-id=\"64e0e411\" data-element_type=\"widget\" data-e-type=\"widget\" data-widget_type=\"divider.default\">\n\t\t\t\t<div class=\"elementor-widget-container\">\n\t\t\t\t\t\t\t<div class=\"elementor-divider\">\n\t\t\t<span class=\"elementor-divider-separator\">\n\t\t\t\t\t\t<\/span>\n\t\t<\/div>\n\t\t\t\t\t\t<\/div>\n\t\t\t\t<\/div>\n\t\t\t\t\t<\/div>\n\t\t\t\t<\/div>\n\t\t<div data-particle_enable=\"false\" data-particle-mobile-disabled=\"false\" class=\"elementor-element elementor-element-225a8aee e-flex e-con-boxed e-con e-parent\" data-id=\"225a8aee\" data-element_type=\"container\" data-e-type=\"container\">\n\t\t\t\t\t<div class=\"e-con-inner\">\n\t\t\t\t<div class=\"elementor-element elementor-element-467eca53 elementor-widget-divider--view-line elementor-widget elementor-widget-divider\" data-id=\"467eca53\" data-element_type=\"widget\" data-e-type=\"widget\" data-widget_type=\"divider.default\">\n\t\t\t\t<div class=\"elementor-widget-container\">\n\t\t\t\t\t\t\t<div class=\"elementor-divider\">\n\t\t\t<span class=\"elementor-divider-separator\">\n\t\t\t\t\t\t<\/span>\n\t\t<\/div>\n\t\t\t\t\t\t<\/div>\n\t\t\t\t<\/div>\n\t\t\t\t\t<\/div>\n\t\t\t\t<\/div>\n\t\t<div data-particle_enable=\"false\" data-particle-mobile-disabled=\"false\" class=\"elementor-element elementor-element-7dacbf0b e-flex e-con-boxed e-con e-parent\" data-id=\"7dacbf0b\" data-element_type=\"container\" data-e-type=\"container\">\n\t\t\t\t\t<div class=\"e-con-inner\">\n\t\t\t\t<div class=\"elementor-element elementor-element-217cd5d2 elementor-widget elementor-widget-heading\" data-id=\"217cd5d2\" data-element_type=\"widget\" data-e-type=\"widget\" data-widget_type=\"heading.default\">\n\t\t\t\t<div class=\"elementor-widget-container\">\n\t\t\t\t\t<h4 class=\"elementor-heading-title elementor-size-default\">Related articles<\/h4>\t\t\t\t<\/div>\n\t\t\t\t<\/div>\n\t\t\t\t\t<\/div>\n\t\t\t\t<\/div>\n\t\t<div data-particle_enable=\"false\" data-particle-mobile-disabled=\"false\" class=\"elementor-element elementor-element-22d929aa e-flex e-con-boxed e-con e-parent\" data-id=\"22d929aa\" data-element_type=\"container\" data-e-type=\"container\">\n\t\t\t\t\t<div class=\"e-con-inner\">\n\t\t\t\t<div class=\"elementor-element elementor-element-1356366d elementor-grid-3 elementor-grid-tablet-2 elementor-grid-mobile-1 elementor-posts--thumbnail-top elementor-widget elementor-widget-posts\" data-id=\"1356366d\" data-element_type=\"widget\" data-e-type=\"widget\" data-settings=\"{&quot;classic_columns&quot;:&quot;3&quot;,&quot;classic_columns_tablet&quot;:&quot;2&quot;,&quot;classic_columns_mobile&quot;:&quot;1&quot;,&quot;classic_row_gap&quot;:{&quot;unit&quot;:&quot;px&quot;,&quot;size&quot;:35,&quot;sizes&quot;:[]},&quot;classic_row_gap_tablet&quot;:{&quot;unit&quot;:&quot;px&quot;,&quot;size&quot;:&quot;&quot;,&quot;sizes&quot;:[]},&quot;classic_row_gap_mobile&quot;:{&quot;unit&quot;:&quot;px&quot;,&quot;size&quot;:&quot;&quot;,&quot;sizes&quot;:[]}}\" data-widget_type=\"posts.classic\">\n\t\t\t\t<div class=\"elementor-widget-container\">\n\t\t\t\t\t\t\t<div class=\"elementor-posts-container elementor-posts elementor-posts--skin-classic elementor-grid\">\n\t\t\t\t<article class=\"elementor-post elementor-grid-item post-28615 post type-post status-publish format-standard has-post-thumbnail hentry category-news tag-climate-change tag-google-en tag-planet tag-sdg-13 tag-sofia-vila-flor-en tag-sustainability tag-sustainable-development-goal-13\">\n\t\t\t\t<a class=\"elementor-post__thumbnail__link\" href=\"https:\/\/peggada.com\/en\/the-world-has-changed-in-the-last-40-years-and-google-earth-timelapse-shows-you-just-how-much\/\" tabindex=\"-1\" target=&quot;_blank&quot;>\n\t\t\t<div class=\"elementor-post__thumbnail\"><img decoding=\"async\" width=\"150\" height=\"150\" src=\"https:\/\/peggada.com\/wp-content\/uploads\/2023\/04\/elizabeth-lies-YbgPWfWlvkE-unsplash-150x150.jpg\" class=\"attachment-thumbnail size-thumbnail wp-image-28398\" alt=\"Google Earth Timelapse\" srcset=\"https:\/\/peggada.com\/wp-content\/uploads\/2023\/04\/elizabeth-lies-YbgPWfWlvkE-unsplash-150x150.jpg 150w, https:\/\/peggada.com\/wp-content\/uploads\/2023\/04\/elizabeth-lies-YbgPWfWlvkE-unsplash-63x63.jpg 63w, https:\/\/peggada.com\/wp-content\/uploads\/2023\/04\/elizabeth-lies-YbgPWfWlvkE-unsplash-84x84.jpg 84w\" sizes=\"(max-width: 150px) 100vw, 150px\" \/><\/div>\n\t\t<\/a>\n\t\t\t\t<div class=\"elementor-post__text\">\n\t\t\t\t<h3 class=\"elementor-post__title\">\n\t\t\t<a href=\"https:\/\/peggada.com\/en\/the-world-has-changed-in-the-last-40-years-and-google-earth-timelapse-shows-you-just-how-much\/\" target=&quot;_blank&quot;>\n\t\t\t\tThe world has changed in the last 40 years &#8211; and Google Earth Timelapse shows you just how much\t\t\t<\/a>\n\t\t<\/h3>\n\t\t\t\t<div class=\"elementor-post__meta-data\">\n\t\t\t\t\t<span class=\"elementor-post-date\">\n\t\t\t17\/04\/2023\t\t<\/span>\n\t\t\t\t<\/div>\n\t\t\t\t<div class=\"elementor-post__excerpt\">\n\t\t\t<p>The tool shows how the Earth has evolved since 1984, after a series of natural disasters, and phenomena such as urbanization, deforestation, and climate change.<\/p>\n\t\t<\/div>\n\t\t\t\t\t<div class=\"elementor-post__read-more-wrapper\">\n\t\t\n\t\t<a class=\"elementor-post__read-more\" href=\"https:\/\/peggada.com\/en\/the-world-has-changed-in-the-last-40-years-and-google-earth-timelapse-shows-you-just-how-much\/\" aria-label=\"Read more about The world has changed in the last 40 years &#8211; and Google Earth Timelapse shows you just how much\" tabindex=\"-1\" target=\"_blank\">\n\t\t\tRead More &gt;&gt;\t\t<\/a>\n\n\t\t\t\t\t<\/div>\n\t\t\t\t<\/div>\n\t\t\t\t<\/article>\n\t\t\t\t<article class=\"elementor-post elementor-grid-item post-42739 post type-post status-publish format-standard has-post-thumbnail hentry category-news tag-marta-cerqueira-en tag-plastic tag-portuguese-pact-for-plastics tag-recycled-plastic tag-sdg-12 tag-sustainable-development-goal-12\">\n\t\t\t\t<a class=\"elementor-post__thumbnail__link\" href=\"https:\/\/peggada.com\/en\/portuguese-pact-for-plastics-there-is-36-more-recycled-plastic-in-new-packaging\/\" tabindex=\"-1\" target=&quot;_blank&quot;>\n\t\t\t<div class=\"elementor-post__thumbnail\"><img decoding=\"async\" width=\"150\" height=\"150\" src=\"https:\/\/peggada.com\/wp-content\/uploads\/2024\/03\/jonathan-chng-OTDyDgPoJ_0-unsplash-150x150.jpg\" class=\"attachment-thumbnail size-thumbnail wp-image-40865\" alt=\"pl\u00e1stico pacto portugu\u00eas para os pl\u00e1sticos\" srcset=\"https:\/\/peggada.com\/wp-content\/uploads\/2024\/03\/jonathan-chng-OTDyDgPoJ_0-unsplash-150x150.jpg 150w, https:\/\/peggada.com\/wp-content\/uploads\/2024\/03\/jonathan-chng-OTDyDgPoJ_0-unsplash-63x63.jpg 63w, https:\/\/peggada.com\/wp-content\/uploads\/2024\/03\/jonathan-chng-OTDyDgPoJ_0-unsplash-84x84.jpg 84w\" sizes=\"(max-width: 150px) 100vw, 150px\" \/><\/div>\n\t\t<\/a>\n\t\t\t\t<div class=\"elementor-post__text\">\n\t\t\t\t<h3 class=\"elementor-post__title\">\n\t\t\t<a href=\"https:\/\/peggada.com\/en\/portuguese-pact-for-plastics-there-is-36-more-recycled-plastic-in-new-packaging\/\" target=&quot;_blank&quot;>\n\t\t\t\tPortuguese Pact for Plastics. There is 36% more recycled plastic in new packaging\t\t\t<\/a>\n\t\t<\/h3>\n\t\t\t\t<div class=\"elementor-post__meta-data\">\n\t\t\t\t\t<span class=\"elementor-post-date\">\n\t\t\t20\/03\/2024\t\t<\/span>\n\t\t\t\t<\/div>\n\t\t\t\t<div class=\"elementor-post__excerpt\">\n\t\t\t<p>The Portuguese Pact for Plastics (PPP), which fights against the problems associated with plastic pollution, has launched its third report. This is good news, but<\/p>\n\t\t<\/div>\n\t\t\t\t\t<div class=\"elementor-post__read-more-wrapper\">\n\t\t\n\t\t<a class=\"elementor-post__read-more\" href=\"https:\/\/peggada.com\/en\/portuguese-pact-for-plastics-there-is-36-more-recycled-plastic-in-new-packaging\/\" aria-label=\"Read more about Portuguese Pact for Plastics. There is 36% more recycled plastic in new packaging\" tabindex=\"-1\" target=\"_blank\">\n\t\t\tRead More &gt;&gt;\t\t<\/a>\n\n\t\t\t\t\t<\/div>\n\t\t\t\t<\/div>\n\t\t\t\t<\/article>\n\t\t\t\t<article class=\"elementor-post elementor-grid-item post-43096 post type-post status-publish format-standard has-post-thumbnail hentry category-news tag-marta-cerqueira-en tag-pequeno-cafe-bistro-little-cafe-bistro tag-restaurant tag-sdg-12 tag-sustainability tag-sustainable-development-goal-12\">\n\t\t\t\t<a class=\"elementor-post__thumbnail__link\" href=\"https:\/\/peggada.com\/en\/pequeno-cafe-bistro-little-bistro-cafe-in-this-cuisine-flavors-are-blended-with-the-respect-for-the-planet\/\" tabindex=\"-1\" target=&quot;_blank&quot;>\n\t\t\t<div class=\"elementor-post__thumbnail\"><img loading=\"lazy\" decoding=\"async\" width=\"150\" height=\"150\" src=\"https:\/\/peggada.com\/wp-content\/uploads\/2024\/06\/IMG_7464-2-150x150.jpg\" class=\"attachment-thumbnail size-thumbnail wp-image-43028\" alt=\"Pequeno Caf\u00e9 bistro\" srcset=\"https:\/\/peggada.com\/wp-content\/uploads\/2024\/06\/IMG_7464-2-150x150.jpg 150w, https:\/\/peggada.com\/wp-content\/uploads\/2024\/06\/IMG_7464-2-63x63.jpg 63w, https:\/\/peggada.com\/wp-content\/uploads\/2024\/06\/IMG_7464-2-84x84.jpg 84w\" sizes=\"(max-width: 150px) 100vw, 150px\" \/><\/div>\n\t\t<\/a>\n\t\t\t\t<div class=\"elementor-post__text\">\n\t\t\t\t<h3 class=\"elementor-post__title\">\n\t\t\t<a href=\"https:\/\/peggada.com\/en\/pequeno-cafe-bistro-little-bistro-cafe-in-this-cuisine-flavors-are-blended-with-the-respect-for-the-planet\/\" target=&quot;_blank&quot;>\n\t\t\t\tPequeno Caf\u00e9 Bistr\u00f4. In this cuisine, flavors are blended with the respect for the planet\t\t\t<\/a>\n\t\t<\/h3>\n\t\t\t\t<div class=\"elementor-post__meta-data\">\n\t\t\t\t\t<span class=\"elementor-post-date\">\n\t\t\t24\/06\/2024\t\t<\/span>\n\t\t\t\t<\/div>\n\t\t\t\t<div class=\"elementor-post__excerpt\">\n\t\t\t<p>The Pequeno Caf\u00e9 Bistr\u00f4 (Little Bistro Caf\u00e9) opened four years ago in Mercado de Arroios, in a small space &#8211; well suited to the name<\/p>\n\t\t<\/div>\n\t\t\t\t\t<div class=\"elementor-post__read-more-wrapper\">\n\t\t\n\t\t<a class=\"elementor-post__read-more\" href=\"https:\/\/peggada.com\/en\/pequeno-cafe-bistro-little-bistro-cafe-in-this-cuisine-flavors-are-blended-with-the-respect-for-the-planet\/\" aria-label=\"Read more about Pequeno Caf\u00e9 Bistr\u00f4. In this cuisine, flavors are blended with the respect for the planet\" tabindex=\"-1\" target=\"_blank\">\n\t\t\tRead More &gt;&gt;\t\t<\/a>\n\n\t\t\t\t\t<\/div>\n\t\t\t\t<\/div>\n\t\t\t\t<\/article>\n\t\t\t\t<\/div>\n\t\t\n\t\t\t\t\t\t<\/div>\n\t\t\t\t<\/div>\n\t\t\t\t\t<\/div>\n\t\t\t\t<\/div>\n\t\t<div data-particle_enable=\"false\" data-particle-mobile-disabled=\"false\" class=\"elementor-element elementor-element-6ea2e9ef e-flex e-con-boxed e-con e-parent\" data-id=\"6ea2e9ef\" data-element_type=\"container\" data-e-type=\"container\">\n\t\t\t\t\t<div class=\"e-con-inner\">\n\t\t\t\t<div class=\"elementor-element elementor-element-2ee58ed elementor-widget-divider--view-line elementor-widget elementor-widget-divider\" data-id=\"2ee58ed\" data-element_type=\"widget\" data-e-type=\"widget\" data-widget_type=\"divider.default\">\n\t\t\t\t<div class=\"elementor-widget-container\">\n\t\t\t\t\t\t\t<div class=\"elementor-divider\">\n\t\t\t<span class=\"elementor-divider-separator\">\n\t\t\t\t\t\t<\/span>\n\t\t<\/div>\n\t\t\t\t\t\t<\/div>\n\t\t\t\t<\/div>\n\t\t\t\t\t<\/div>\n\t\t\t\t<\/div>\n\t\t<div data-particle_enable=\"false\" data-particle-mobile-disabled=\"false\" class=\"elementor-element elementor-element-65a6b6ac e-flex e-con-boxed e-con e-parent\" data-id=\"65a6b6ac\" data-element_type=\"container\" data-e-type=\"container\">\n\t\t\t\t\t<div class=\"e-con-inner\">\n\t\t\t\t<div class=\"elementor-element elementor-element-1c8d620d elementor-widget elementor-widget-heading\" data-id=\"1c8d620d\" data-element_type=\"widget\" data-e-type=\"widget\" data-widget_type=\"heading.default\">\n\t\t\t\t<div class=\"elementor-widget-container\">\n\t\t\t\t\t<h4 class=\"elementor-heading-title elementor-size-default\">Sustainable Development Goals<\/h4>\t\t\t\t<\/div>\n\t\t\t\t<\/div>\n\t\t\t\t\t<\/div>\n\t\t\t\t<\/div>\n\t\t<div data-particle_enable=\"false\" data-particle-mobile-disabled=\"false\" class=\"elementor-element elementor-element-219bbb9 e-flex e-con-boxed e-con e-parent\" data-id=\"219bbb9\" data-element_type=\"container\" data-e-type=\"container\">\n\t\t\t\t\t<div class=\"e-con-inner\">\n\t\t<div data-particle_enable=\"false\" data-particle-mobile-disabled=\"false\" class=\"elementor-element elementor-element-6ebdb14f e-con-full e-flex e-con e-parent\" data-id=\"6ebdb14f\" data-element_type=\"container\" data-e-type=\"container\">\n\t\t\t\t<div class=\"elementor-element elementor-element-6ae753b5 elementor-widget__width-initial elementor-widget elementor-widget-image\" data-id=\"6ae753b5\" data-element_type=\"widget\" data-e-type=\"widget\" data-widget_type=\"image.default\">\n\t\t\t\t<div class=\"elementor-widget-container\">\n\t\t\t\t\t\t\t\t\t\t\t\t\t\t\t<img loading=\"lazy\" decoding=\"async\" width=\"150\" height=\"150\" src=\"https:\/\/peggada.com\/wp-content\/uploads\/2022\/10\/ods-11-cidades-150x150.jpg\" class=\"attachment-thumbnail size-thumbnail wp-image-14415\" alt=\"\" srcset=\"https:\/\/peggada.com\/wp-content\/uploads\/2022\/10\/ods-11-cidades-150x150.jpg 150w, https:\/\/peggada.com\/wp-content\/uploads\/2022\/10\/ods-11-cidades-300x300.jpg 300w, https:\/\/peggada.com\/wp-content\/uploads\/2022\/10\/ods-11-cidades-1024x1024.jpg 1024w, https:\/\/peggada.com\/wp-content\/uploads\/2022\/10\/ods-11-cidades-768x768.jpg 768w, https:\/\/peggada.com\/wp-content\/uploads\/2022\/10\/ods-11-cidades-1536x1536.jpg 1536w, https:\/\/peggada.com\/wp-content\/uploads\/2022\/10\/ods-11-cidades-63x63.jpg 63w, https:\/\/peggada.com\/wp-content\/uploads\/2022\/10\/ods-11-cidades-84x84.jpg 84w, https:\/\/peggada.com\/wp-content\/uploads\/2022\/10\/ods-11-cidades.jpg 1772w\" sizes=\"(max-width: 150px) 100vw, 150px\" \/>\t\t\t\t\t\t\t\t\t\t\t\t\t\t\t<\/div>\n\t\t\t\t<\/div>\n\t\t\t\t<\/div>\n\t\t<div data-particle_enable=\"false\" data-particle-mobile-disabled=\"false\" class=\"elementor-element elementor-element-471ad566 e-con-full e-flex e-con e-parent\" data-id=\"471ad566\" data-element_type=\"container\" data-e-type=\"container\">\n\t\t\t\t<div class=\"elementor-element elementor-element-709b58be elementor-widget elementor-widget-text-editor\" data-id=\"709b58be\" data-element_type=\"widget\" data-e-type=\"widget\" data-widget_type=\"text-editor.default\">\n\t\t\t\t<div class=\"elementor-widget-container\">\n\t\t\t\t\t\t\t\t\t<p>This article addresses an action that promotes change towards<strong> more inclusive, safe, resilient and sustainable cities and communities, helping to<\/strong><strong>reduce the adverse environmental impact of cities.<\/strong><\/p>\n\t\t\t\t\t\t\t\t<\/div>\n\t\t\t\t<\/div>\n\t\t\t\t<\/div>\n\t\t\t\t\t<\/div>\n\t\t\t\t<\/div>\n\t\t<div data-particle_enable=\"false\" data-particle-mobile-disabled=\"false\" class=\"elementor-element elementor-element-3ddc4eab e-flex e-con-boxed e-con e-parent\" data-id=\"3ddc4eab\" data-element_type=\"container\" data-e-type=\"container\">\n\t\t\t\t\t<div class=\"e-con-inner\">\n\t\t\t\t<div class=\"elementor-element elementor-element-625974a7 elementor-widget elementor-widget-text-editor\" data-id=\"625974a7\" data-element_type=\"widget\" data-e-type=\"widget\" data-widget_type=\"text-editor.default\">\n\t\t\t\t<div class=\"elementor-widget-container\">\n\t\t\t\t\t\t\t\t\t<h5><img decoding=\"async\" class=\"emoji\" role=\"img\" draggable=\"false\" src=\"https:\/\/s.w.org\/images\/core\/emoji\/14.0.0\/svg\/27a1.svg\" alt=\"\u27a1\ufe0f\"> To discover businesses that are actively working to contribute to this Sustainable Development Goal, <a href=\"https:\/\/peggada.com\/?select=ods+11&amp;lp_s_loc=&amp;lp_s_tag=&amp;lp_s_cat=&amp;s=home&amp;post_type=listing\">click here<\/a>.<\/h5>\n<h5><strong><img decoding=\"async\" class=\"emoji\" role=\"img\" draggable=\"false\" src=\"https:\/\/s.w.org\/images\/core\/emoji\/14.0.0\/svg\/27a1.svg\" alt=\"\u27a1\ufe0f\"> To read news, interviews or tips related to this Goal, <a href=\"https:\/\/peggada.com\/en\/tag\/sdg-11\/\">click here<\/a>.<\/strong><\/h5>\n<h5>\u27a1\ufe0f Want to know more about the 17 United Nations Sustainable Development Goals? <a href=\"https:\/\/peggada.com\/en\/sustainable-development-goals\/\">Click here<\/a><\/h5>\n<div> <\/div>\n\t\t\t\t\t\t\t\t<\/div>\n\t\t\t\t<\/div>\n\t\t\t\t\t<\/div>\n\t\t\t\t<\/div>\n\t\t\t\t<\/div>\n\t\t","protected":false},"excerpt":{"rendered":"<p>The afforestation method accelerates their growth and helps in the resilience of cities to climate change. A mini forest is being created at Casal Vistoso Urban Park, in Areeiro, being already the third of its kind in Lisbon. The initiative comes from the non-profit organization Urbem in partnership with the Lisbon City Hall. The process [&hellip;]<\/p>\n","protected":false},"author":1,"featured_media":18394,"comment_status":"open","ping_status":"open","sticky":false,"template":"","format":"standard","meta":{"footnotes":""},"categories":[540],"tags":[3207,846,665,2118,2119],"class_list":["post-23685","post","type-post","status-publish","format-standard","has-post-thumbnail","hentry","category-news","tag-areeiro-en","tag-forest","tag-lisbon","tag-sdg-11","tag-sustainable-development-goal-11"],"_links":{"self":[{"href":"https:\/\/peggada.com\/en\/wp-json\/wp\/v2\/posts\/23685","targetHints":{"allow":["GET"]}}],"collection":[{"href":"https:\/\/peggada.com\/en\/wp-json\/wp\/v2\/posts"}],"about":[{"href":"https:\/\/peggada.com\/en\/wp-json\/wp\/v2\/types\/post"}],"author":[{"embeddable":true,"href":"https:\/\/peggada.com\/en\/wp-json\/wp\/v2\/users\/1"}],"replies":[{"embeddable":true,"href":"https:\/\/peggada.com\/en\/wp-json\/wp\/v2\/comments?post=23685"}],"version-history":[{"count":0,"href":"https:\/\/peggada.com\/en\/wp-json\/wp\/v2\/posts\/23685\/revisions"}],"wp:featuredmedia":[{"embeddable":true,"href":"https:\/\/peggada.com\/en\/wp-json\/wp\/v2\/media\/18394"}],"wp:attachment":[{"href":"https:\/\/peggada.com\/en\/wp-json\/wp\/v2\/media?parent=23685"}],"wp:term":[{"taxonomy":"category","embeddable":true,"href":"https:\/\/peggada.com\/en\/wp-json\/wp\/v2\/categories?post=23685"},{"taxonomy":"post_tag","embeddable":true,"href":"https:\/\/peggada.com\/en\/wp-json\/wp\/v2\/tags?post=23685"}],"curies":[{"name":"wp","href":"https:\/\/api.w.org\/{rel}","templated":true}]}}