{"id":18426,"date":"2023-01-16T17:11:43","date_gmt":"2023-01-16T17:11:43","guid":{"rendered":"https:\/\/peggada.com\/portuguese-companies-can-now-rent-electric-motorcycles-and-bicycles-in-a-privatesharing-service\/"},"modified":"2023-02-20T18:02:25","modified_gmt":"2023-02-20T18:02:25","slug":"portuguese-companies-can-now-rent-electric-motorcycles-and-bicycles-in-a-privatesharing-service","status":"publish","type":"post","link":"https:\/\/peggada.com\/en\/portuguese-companies-can-now-rent-electric-motorcycles-and-bicycles-in-a-privatesharing-service\/","title":{"rendered":"Portuguese companies can now rent electric motorcycles and bicycles in a privatesharing service"},"content":{"rendered":"\t\t<div data-elementor-type=\"wp-post\" data-elementor-id=\"18426\" class=\"elementor elementor-18426 elementor-18396\" data-elementor-post-type=\"post\">\n\t\t\t\t<div data-particle_enable=\"false\" data-particle-mobile-disabled=\"false\" class=\"elementor-element elementor-element-f4f31c1 e-flex e-con-boxed e-con e-parent\" data-id=\"f4f31c1\" data-element_type=\"container\" data-e-type=\"container\">\n\t\t\t\t\t<div class=\"e-con-inner\">\n\t\t\t\t<div class=\"elementor-element elementor-element-14e75f0 elementor-widget elementor-widget-text-editor\" data-id=\"14e75f0\" data-element_type=\"widget\" data-e-type=\"widget\" data-widget_type=\"text-editor.default\">\n\t\t\t\t<div class=\"elementor-widget-container\">\n\t\t\t\t\t\t\t\t\t<p><strong>The rental is supported by a private sharing application and a digital platform that manages the fleet and users.<\/strong><\/p>\n\t\t\t\t\t\t\t\t<\/div>\n\t\t\t\t<\/div>\n\t\t\t\t\t<\/div>\n\t\t\t\t<\/div>\n\t\t<div data-particle_enable=\"false\" data-particle-mobile-disabled=\"false\" class=\"elementor-element elementor-element-3498985 e-flex e-con-boxed e-con e-parent\" data-id=\"3498985\" data-element_type=\"container\" data-e-type=\"container\">\n\t\t\t\t\t<div class=\"e-con-inner\">\n\t\t\t\t<div class=\"elementor-element elementor-element-8e88576 elementor-widget elementor-widget-text-editor\" data-id=\"8e88576\" data-element_type=\"widget\" data-e-type=\"widget\" data-widget_type=\"text-editor.default\">\n\t\t\t\t<div class=\"elementor-widget-container\">\n\t\t\t\t\t\t\t\t\t<p>After Spain, France and Italy, Portuguese companies can now also enjoy a fleet of electric motorcycles and bicycles, made available by <a href=\"https:\/\/cooltra.com\/pt\" target=\"_blank\" rel=\"noopener\">Cooltra<\/a>&#8216;s private-sharing service.<\/p>\n<p>The initiative is called Primos and is the first to be prepared for the needs of companies and their employees, offering privacy and a more efficient and sustainable mobility (personal and professional), with its own and exclusive vehicle fleet.<\/p>\n<p>Rental can be done by subscription, through a private sharing app, and through a digital fleet and user management platform. Included in a single monthly fee are vehicle-related services (such as third-party insurance for motorcycles), roadside assistance, servicing and maintenance, helmets, and telematics tools (GPS).<\/p>\n\t\t\t\t\t\t\t\t<\/div>\n\t\t\t\t<\/div>\n\t\t\t\t\t<\/div>\n\t\t\t\t<\/div>\n\t\t\t\t<section data-particle_enable=\"false\" data-particle-mobile-disabled=\"false\" class=\"elementor-section elementor-top-section elementor-element elementor-element-6f121851 elementor-section-boxed elementor-section-height-default elementor-section-height-default\" data-id=\"6f121851\" data-element_type=\"section\" data-e-type=\"section\">\n\t\t\t\t\t\t<div class=\"elementor-container elementor-column-gap-default\">\n\t\t\t\t\t<div class=\"elementor-column elementor-col-50 elementor-top-column elementor-element elementor-element-7e1bf57f\" data-id=\"7e1bf57f\" data-element_type=\"column\" data-e-type=\"column\">\n\t\t\t<div class=\"elementor-widget-wrap elementor-element-populated\">\n\t\t\t\t\t\t<div class=\"elementor-element elementor-element-49768c68 elementor-widget elementor-widget-image\" data-id=\"49768c68\" data-element_type=\"widget\" data-e-type=\"widget\" data-widget_type=\"image.default\">\n\t\t\t\t<div class=\"elementor-widget-container\">\n\t\t\t\t\t\t\t\t\t\t\t\t<figure class=\"wp-caption\">\n\t\t\t\t\t\t\t\t\t\t<img decoding=\"async\" width=\"150\" height=\"150\" src=\"https:\/\/peggada.com\/wp-content\/uploads\/2022\/05\/photo-01-150x150.jpg\" class=\"attachment-thumbnail size-thumbnail wp-image-12463\" alt=\"\" srcset=\"https:\/\/peggada.com\/wp-content\/uploads\/2022\/05\/photo-01-150x150.jpg 150w, https:\/\/peggada.com\/wp-content\/uploads\/2022\/05\/photo-01-63x63.jpg 63w, https:\/\/peggada.com\/wp-content\/uploads\/2022\/05\/photo-01-84x84.jpg 84w\" sizes=\"(max-width: 150px) 100vw, 150px\" \/>\t\t\t\t\t\t\t\t\t\t\t<figcaption class=\"widget-image-caption wp-caption-text\">Author: Sofia Vila Flor<\/figcaption>\n\t\t\t\t\t\t\t\t\t\t<\/figure>\n\t\t\t\t\t\t\t\t\t<\/div>\n\t\t\t\t<\/div>\n\t\t\t\t\t<\/div>\n\t\t<\/div>\n\t\t\t\t<div class=\"elementor-column elementor-col-50 elementor-top-column elementor-element elementor-element-300aa21a\" data-id=\"300aa21a\" data-element_type=\"column\" data-e-type=\"column\">\n\t\t\t<div class=\"elementor-widget-wrap elementor-element-populated\">\n\t\t\t\t\t\t<div class=\"elementor-element elementor-element-5f36b8bf elementor-widget elementor-widget-heading\" data-id=\"5f36b8bf\" data-element_type=\"widget\" data-e-type=\"widget\" data-widget_type=\"heading.default\">\n\t\t\t\t<div class=\"elementor-widget-container\">\n\t\t\t\t\t<h2 class=\"elementor-heading-title elementor-size-small\">She could have studied Meteorology and Oceanography but ended up going for Communication. And that's fine because if they don't get their weather predictions right, she wasn't the one who would change that. She started by looking for sustainable ideas and projects for her university, and since then, she has never stopped (who stops, really?). She loves to watch series, but she watches few because she is demanding. You don't need much to convince her to embrace new, \"greener\" habits and challenges.<\/h2>\t\t\t\t<\/div>\n\t\t\t\t<\/div>\n\t\t\t\t<div class=\"elementor-element elementor-element-8439ebd elementor-widget elementor-widget-heading\" data-id=\"8439ebd\" data-element_type=\"widget\" data-e-type=\"widget\" data-widget_type=\"heading.default\">\n\t\t\t\t<div class=\"elementor-widget-container\">\n\t\t\t\t\t<h3 class=\"elementor-heading-title elementor-size-default\"><a href=\"https:\/\/peggada.com\/tag\/sofia-vila-flor-en\/?lang=en\" target=\"_blank\">You can see more of Sofia's articles here.<\/a><\/h3>\t\t\t\t<\/div>\n\t\t\t\t<\/div>\n\t\t\t\t\t<\/div>\n\t\t<\/div>\n\t\t\t\t\t<\/div>\n\t\t<\/section>\n\t\t<div data-particle_enable=\"false\" data-particle-mobile-disabled=\"false\" class=\"elementor-element elementor-element-58194aaf e-flex e-con-boxed e-con e-parent\" data-id=\"58194aaf\" data-element_type=\"container\" data-e-type=\"container\">\n\t\t\t\t\t<div class=\"e-con-inner\">\n\t\t\t\t<div class=\"elementor-element elementor-element-27f6e1fd elementor-widget-divider--view-line elementor-widget elementor-widget-divider\" data-id=\"27f6e1fd\" data-element_type=\"widget\" data-e-type=\"widget\" data-widget_type=\"divider.default\">\n\t\t\t\t<div class=\"elementor-widget-container\">\n\t\t\t\t\t\t\t<div class=\"elementor-divider\">\n\t\t\t<span class=\"elementor-divider-separator\">\n\t\t\t\t\t\t<\/span>\n\t\t<\/div>\n\t\t\t\t\t\t<\/div>\n\t\t\t\t<\/div>\n\t\t\t\t\t<\/div>\n\t\t\t\t<\/div>\n\t\t<div data-particle_enable=\"false\" data-particle-mobile-disabled=\"false\" class=\"elementor-element elementor-element-51c2364d e-flex e-con-boxed e-con e-parent\" data-id=\"51c2364d\" data-element_type=\"container\" data-e-type=\"container\">\n\t\t\t\t\t<div class=\"e-con-inner\">\n\t\t\t\t<div class=\"elementor-element elementor-element-172de120 elementor-widget elementor-widget-heading\" data-id=\"172de120\" data-element_type=\"widget\" data-e-type=\"widget\" data-widget_type=\"heading.default\">\n\t\t\t\t<div class=\"elementor-widget-container\">\n\t\t\t\t\t<h4 class=\"elementor-heading-title elementor-size-default\">Related articles<\/h4>\t\t\t\t<\/div>\n\t\t\t\t<\/div>\n\t\t\t\t\t<\/div>\n\t\t\t\t<\/div>\n\t\t<div data-particle_enable=\"false\" data-particle-mobile-disabled=\"false\" class=\"elementor-element elementor-element-3bdcfaf9 e-flex e-con-boxed e-con e-parent\" data-id=\"3bdcfaf9\" data-element_type=\"container\" data-e-type=\"container\">\n\t\t\t\t\t<div class=\"e-con-inner\">\n\t\t\t\t<div class=\"elementor-element elementor-element-1d5f6dcf elementor-grid-3 elementor-grid-tablet-2 elementor-grid-mobile-1 elementor-posts--thumbnail-top elementor-widget elementor-widget-posts\" data-id=\"1d5f6dcf\" data-element_type=\"widget\" data-e-type=\"widget\" data-settings=\"{&quot;classic_columns&quot;:&quot;3&quot;,&quot;classic_columns_tablet&quot;:&quot;2&quot;,&quot;classic_columns_mobile&quot;:&quot;1&quot;,&quot;classic_row_gap&quot;:{&quot;unit&quot;:&quot;px&quot;,&quot;size&quot;:35,&quot;sizes&quot;:[]},&quot;classic_row_gap_tablet&quot;:{&quot;unit&quot;:&quot;px&quot;,&quot;size&quot;:&quot;&quot;,&quot;sizes&quot;:[]},&quot;classic_row_gap_mobile&quot;:{&quot;unit&quot;:&quot;px&quot;,&quot;size&quot;:&quot;&quot;,&quot;sizes&quot;:[]}}\" data-widget_type=\"posts.classic\">\n\t\t\t\t<div class=\"elementor-widget-container\">\n\t\t\t\t\t\t\t<div class=\"elementor-posts-container elementor-posts elementor-posts--skin-classic elementor-grid\">\n\t\t\t\t<article class=\"elementor-post elementor-grid-item post-23273 post type-post status-publish format-standard has-post-thumbnail hentry category-news tag-consumption tag-fair-trade-en tag-fairtrade-en tag-ines-goncalves-en tag-sdg-11 tag-sdg-12 tag-sustainable-development-goal-11 tag-sustainable-development-goal-12\">\n\t\t\t\t<a class=\"elementor-post__thumbnail__link\" href=\"https:\/\/peggada.com\/en\/fairtrade-under-what-conditions-are-the-goods-we-consume-produced\/\" tabindex=\"-1\" target=&quot;_blank&quot;>\n\t\t\t<div class=\"elementor-post__thumbnail\"><img decoding=\"async\" width=\"150\" height=\"150\" src=\"https:\/\/peggada.com\/wp-content\/uploads\/2023\/02\/niclas-illg-VsyfRTHAr8o-unsplash-150x150.jpg\" class=\"attachment-thumbnail size-thumbnail wp-image-22563\" alt=\"caf\u00e9 fairtrade fair trade\" srcset=\"https:\/\/peggada.com\/wp-content\/uploads\/2023\/02\/niclas-illg-VsyfRTHAr8o-unsplash-150x150.jpg 150w, https:\/\/peggada.com\/wp-content\/uploads\/2023\/02\/niclas-illg-VsyfRTHAr8o-unsplash-63x63.jpg 63w, https:\/\/peggada.com\/wp-content\/uploads\/2023\/02\/niclas-illg-VsyfRTHAr8o-unsplash-84x84.jpg 84w\" sizes=\"(max-width: 150px) 100vw, 150px\" \/><\/div>\n\t\t<\/a>\n\t\t\t\t<div class=\"elementor-post__text\">\n\t\t\t\t<h3 class=\"elementor-post__title\">\n\t\t\t<a href=\"https:\/\/peggada.com\/en\/fairtrade-under-what-conditions-are-the-goods-we-consume-produced\/\" target=&quot;_blank&quot;>\n\t\t\t\tFairtrade. Under what conditions are the goods we consume produced?\t\t\t<\/a>\n\t\t<\/h3>\n\t\t\t\t<div class=\"elementor-post__meta-data\">\n\t\t\t\t\t<span class=\"elementor-post-date\">\n\t\t\t06\/02\/2023\t\t<\/span>\n\t\t\t\t<\/div>\n\t\t\t\t<div class=\"elementor-post__excerpt\">\n\t\t\t<p>Fairtrade&#8217;s new map shows the human and climate risks of the world&#8217;s major crops. The Fairtrade system, globally recognized for certifying ethical and sustainable production<\/p>\n\t\t<\/div>\n\t\t\t\t\t<div class=\"elementor-post__read-more-wrapper\">\n\t\t\n\t\t<a class=\"elementor-post__read-more\" href=\"https:\/\/peggada.com\/en\/fairtrade-under-what-conditions-are-the-goods-we-consume-produced\/\" aria-label=\"Read more about Fairtrade. Under what conditions are the goods we consume produced?\" tabindex=\"-1\" target=\"_blank\">\n\t\t\tRead More &gt;&gt;\t\t<\/a>\n\n\t\t\t\t\t<\/div>\n\t\t\t\t<\/div>\n\t\t\t\t<\/article>\n\t\t\t\t<article class=\"elementor-post elementor-grid-item post-43096 post type-post status-publish format-standard has-post-thumbnail hentry category-news tag-marta-cerqueira-en tag-pequeno-cafe-bistro-little-cafe-bistro tag-restaurant tag-sdg-12 tag-sustainability tag-sustainable-development-goal-12\">\n\t\t\t\t<a class=\"elementor-post__thumbnail__link\" href=\"https:\/\/peggada.com\/en\/pequeno-cafe-bistro-little-bistro-cafe-in-this-cuisine-flavors-are-blended-with-the-respect-for-the-planet\/\" tabindex=\"-1\" target=&quot;_blank&quot;>\n\t\t\t<div class=\"elementor-post__thumbnail\"><img decoding=\"async\" width=\"150\" height=\"150\" src=\"https:\/\/peggada.com\/wp-content\/uploads\/2024\/06\/IMG_7464-2-150x150.jpg\" class=\"attachment-thumbnail size-thumbnail wp-image-43028\" alt=\"Pequeno Caf\u00e9 bistro\" srcset=\"https:\/\/peggada.com\/wp-content\/uploads\/2024\/06\/IMG_7464-2-150x150.jpg 150w, https:\/\/peggada.com\/wp-content\/uploads\/2024\/06\/IMG_7464-2-63x63.jpg 63w, https:\/\/peggada.com\/wp-content\/uploads\/2024\/06\/IMG_7464-2-84x84.jpg 84w\" sizes=\"(max-width: 150px) 100vw, 150px\" \/><\/div>\n\t\t<\/a>\n\t\t\t\t<div class=\"elementor-post__text\">\n\t\t\t\t<h3 class=\"elementor-post__title\">\n\t\t\t<a href=\"https:\/\/peggada.com\/en\/pequeno-cafe-bistro-little-bistro-cafe-in-this-cuisine-flavors-are-blended-with-the-respect-for-the-planet\/\" target=&quot;_blank&quot;>\n\t\t\t\tPequeno Caf\u00e9 Bistr\u00f4. In this cuisine, flavors are blended with the respect for the planet\t\t\t<\/a>\n\t\t<\/h3>\n\t\t\t\t<div class=\"elementor-post__meta-data\">\n\t\t\t\t\t<span class=\"elementor-post-date\">\n\t\t\t24\/06\/2024\t\t<\/span>\n\t\t\t\t<\/div>\n\t\t\t\t<div class=\"elementor-post__excerpt\">\n\t\t\t<p>The Pequeno Caf\u00e9 Bistr\u00f4 (Little Bistro Caf\u00e9) opened four years ago in Mercado de Arroios, in a small space &#8211; well suited to the name<\/p>\n\t\t<\/div>\n\t\t\t\t\t<div class=\"elementor-post__read-more-wrapper\">\n\t\t\n\t\t<a class=\"elementor-post__read-more\" href=\"https:\/\/peggada.com\/en\/pequeno-cafe-bistro-little-bistro-cafe-in-this-cuisine-flavors-are-blended-with-the-respect-for-the-planet\/\" aria-label=\"Read more about Pequeno Caf\u00e9 Bistr\u00f4. In this cuisine, flavors are blended with the respect for the planet\" tabindex=\"-1\" target=\"_blank\">\n\t\t\tRead More &gt;&gt;\t\t<\/a>\n\n\t\t\t\t\t<\/div>\n\t\t\t\t<\/div>\n\t\t\t\t<\/article>\n\t\t\t\t<article class=\"elementor-post elementor-grid-item post-45088 post type-post status-publish format-standard has-post-thumbnail hentry category-news tag-clothing tag-fibers tag-sdg-12 tag-sofia-vila-flor-en tag-sustainable-development-goal-12 tag-textiles\">\n\t\t\t\t<a class=\"elementor-post__thumbnail__link\" href=\"https:\/\/peggada.com\/en\/scientists-develop-a-process-to-separate-fibers-from-textile-waste\/\" tabindex=\"-1\" target=&quot;_blank&quot;>\n\t\t\t<div class=\"elementor-post__thumbnail\"><img loading=\"lazy\" decoding=\"async\" width=\"150\" height=\"150\" src=\"https:\/\/peggada.com\/wp-content\/uploads\/2024\/08\/priscilla-du-preez-dlxLGIy-2VU-unsplash-150x150.jpg\" class=\"attachment-thumbnail size-thumbnail wp-image-44546\" alt=\"cientistas fibras t\u00eaxteis\" srcset=\"https:\/\/peggada.com\/wp-content\/uploads\/2024\/08\/priscilla-du-preez-dlxLGIy-2VU-unsplash-150x150.jpg 150w, https:\/\/peggada.com\/wp-content\/uploads\/2024\/08\/priscilla-du-preez-dlxLGIy-2VU-unsplash-63x63.jpg 63w, https:\/\/peggada.com\/wp-content\/uploads\/2024\/08\/priscilla-du-preez-dlxLGIy-2VU-unsplash-84x84.jpg 84w\" sizes=\"(max-width: 150px) 100vw, 150px\" \/><\/div>\n\t\t<\/a>\n\t\t\t\t<div class=\"elementor-post__text\">\n\t\t\t\t<h3 class=\"elementor-post__title\">\n\t\t\t<a href=\"https:\/\/peggada.com\/en\/scientists-develop-a-process-to-separate-fibers-from-textile-waste\/\" target=&quot;_blank&quot;>\n\t\t\t\tScientists develop a process to separate fibers from textile waste\t\t\t<\/a>\n\t\t<\/h3>\n\t\t\t\t<div class=\"elementor-post__meta-data\">\n\t\t\t\t\t<span class=\"elementor-post-date\">\n\t\t\t26\/08\/2024\t\t<\/span>\n\t\t\t\t<\/div>\n\t\t\t\t<div class=\"elementor-post__excerpt\">\n\t\t\t<p>Although mechanical recycling is the most widely used method, it cannot deal with multi-fiber textiles. The new approach promises to effectively recycle this waste, and<\/p>\n\t\t<\/div>\n\t\t\t\t\t<div class=\"elementor-post__read-more-wrapper\">\n\t\t\n\t\t<a class=\"elementor-post__read-more\" href=\"https:\/\/peggada.com\/en\/scientists-develop-a-process-to-separate-fibers-from-textile-waste\/\" aria-label=\"Read more about Scientists develop a process to separate fibers from textile waste\" tabindex=\"-1\" target=\"_blank\">\n\t\t\tRead More &gt;&gt;\t\t<\/a>\n\n\t\t\t\t\t<\/div>\n\t\t\t\t<\/div>\n\t\t\t\t<\/article>\n\t\t\t\t<\/div>\n\t\t\n\t\t\t\t\t\t<\/div>\n\t\t\t\t<\/div>\n\t\t\t\t\t<\/div>\n\t\t\t\t<\/div>\n\t\t<div data-particle_enable=\"false\" data-particle-mobile-disabled=\"false\" class=\"elementor-element elementor-element-d9c955f e-flex e-con-boxed e-con e-parent\" data-id=\"d9c955f\" data-element_type=\"container\" data-e-type=\"container\">\n\t\t\t\t\t<div class=\"e-con-inner\">\n\t\t\t\t<div class=\"elementor-element elementor-element-78196fe8 elementor-widget-divider--view-line elementor-widget elementor-widget-divider\" data-id=\"78196fe8\" data-element_type=\"widget\" data-e-type=\"widget\" data-widget_type=\"divider.default\">\n\t\t\t\t<div class=\"elementor-widget-container\">\n\t\t\t\t\t\t\t<div class=\"elementor-divider\">\n\t\t\t<span class=\"elementor-divider-separator\">\n\t\t\t\t\t\t<\/span>\n\t\t<\/div>\n\t\t\t\t\t\t<\/div>\n\t\t\t\t<\/div>\n\t\t\t\t\t<\/div>\n\t\t\t\t<\/div>\n\t\t<div data-particle_enable=\"false\" data-particle-mobile-disabled=\"false\" class=\"elementor-element elementor-element-4d3c0a5f e-flex e-con-boxed e-con e-parent\" data-id=\"4d3c0a5f\" data-element_type=\"container\" data-e-type=\"container\">\n\t\t\t\t\t<div class=\"e-con-inner\">\n\t\t\t\t<div class=\"elementor-element elementor-element-637223f8 elementor-widget elementor-widget-heading\" data-id=\"637223f8\" data-element_type=\"widget\" data-e-type=\"widget\" data-widget_type=\"heading.default\">\n\t\t\t\t<div class=\"elementor-widget-container\">\n\t\t\t\t\t<h4 class=\"elementor-heading-title elementor-size-default\">Sustainable Development Goals<\/h4>\t\t\t\t<\/div>\n\t\t\t\t<\/div>\n\t\t\t\t\t<\/div>\n\t\t\t\t<\/div>\n\t\t<div data-particle_enable=\"false\" data-particle-mobile-disabled=\"false\" class=\"elementor-element elementor-element-1287ed53 e-flex e-con-boxed e-con e-parent\" data-id=\"1287ed53\" data-element_type=\"container\" data-e-type=\"container\">\n\t\t\t\t\t<div class=\"e-con-inner\">\n\t\t<div data-particle_enable=\"false\" data-particle-mobile-disabled=\"false\" class=\"elementor-element elementor-element-2e6e90db e-con-full e-flex e-con e-parent\" data-id=\"2e6e90db\" data-element_type=\"container\" data-e-type=\"container\">\n\t\t\t\t<div class=\"elementor-element elementor-element-3ef5410c elementor-widget__width-initial elementor-widget elementor-widget-image\" data-id=\"3ef5410c\" data-element_type=\"widget\" data-e-type=\"widget\" data-widget_type=\"image.default\">\n\t\t\t\t<div class=\"elementor-widget-container\">\n\t\t\t\t\t\t\t\t\t\t\t\t\t\t\t<img loading=\"lazy\" decoding=\"async\" width=\"150\" height=\"150\" src=\"https:\/\/peggada.com\/wp-content\/uploads\/2022\/10\/ods-11-cidades-150x150.jpg\" class=\"attachment-thumbnail size-thumbnail wp-image-14415\" alt=\"\" srcset=\"https:\/\/peggada.com\/wp-content\/uploads\/2022\/10\/ods-11-cidades-150x150.jpg 150w, https:\/\/peggada.com\/wp-content\/uploads\/2022\/10\/ods-11-cidades-300x300.jpg 300w, https:\/\/peggada.com\/wp-content\/uploads\/2022\/10\/ods-11-cidades-1024x1024.jpg 1024w, https:\/\/peggada.com\/wp-content\/uploads\/2022\/10\/ods-11-cidades-768x768.jpg 768w, https:\/\/peggada.com\/wp-content\/uploads\/2022\/10\/ods-11-cidades-1536x1536.jpg 1536w, https:\/\/peggada.com\/wp-content\/uploads\/2022\/10\/ods-11-cidades-63x63.jpg 63w, https:\/\/peggada.com\/wp-content\/uploads\/2022\/10\/ods-11-cidades-84x84.jpg 84w, https:\/\/peggada.com\/wp-content\/uploads\/2022\/10\/ods-11-cidades.jpg 1772w\" sizes=\"(max-width: 150px) 100vw, 150px\" \/>\t\t\t\t\t\t\t\t\t\t\t\t\t\t\t<\/div>\n\t\t\t\t<\/div>\n\t\t\t\t<\/div>\n\t\t<div data-particle_enable=\"false\" data-particle-mobile-disabled=\"false\" class=\"elementor-element elementor-element-21437394 e-con-full e-flex e-con e-parent\" data-id=\"21437394\" data-element_type=\"container\" data-e-type=\"container\">\n\t\t\t\t<div class=\"elementor-element elementor-element-1aabd225 elementor-widget elementor-widget-text-editor\" data-id=\"1aabd225\" data-element_type=\"widget\" data-e-type=\"widget\" data-widget_type=\"text-editor.default\">\n\t\t\t\t<div class=\"elementor-widget-container\">\n\t\t\t\t\t\t\t\t\t<p>This article addresses an action that promotes change towards<strong> more inclusive, safe, resilient and sustainable cities and communities, helping to<\/strong><strong>reduce the adverse environmental impact of cities.<\/strong><\/p>\n\t\t\t\t\t\t\t\t<\/div>\n\t\t\t\t<\/div>\n\t\t\t\t<\/div>\n\t\t\t\t\t<\/div>\n\t\t\t\t<\/div>\n\t\t<div data-particle_enable=\"false\" data-particle-mobile-disabled=\"false\" class=\"elementor-element elementor-element-38b56ff e-flex e-con-boxed e-con e-parent\" data-id=\"38b56ff\" data-element_type=\"container\" data-e-type=\"container\">\n\t\t\t\t\t<div class=\"e-con-inner\">\n\t\t\t\t<div class=\"elementor-element elementor-element-6f03a941 elementor-widget elementor-widget-text-editor\" data-id=\"6f03a941\" data-element_type=\"widget\" data-e-type=\"widget\" data-widget_type=\"text-editor.default\">\n\t\t\t\t<div class=\"elementor-widget-container\">\n\t\t\t\t\t\t\t\t\t<h5><img decoding=\"async\" class=\"emoji\" role=\"img\" draggable=\"false\" src=\"https:\/\/s.w.org\/images\/core\/emoji\/14.0.0\/svg\/27a1.svg\" alt=\"\u27a1\ufe0f\">  To discover businesses that are actively working to contribute to this Sustainable Development Goal, <a href=\"https:\/\/peggada.com\/?select=ods+11&amp;lp_s_loc=&amp;lp_s_tag=&amp;lp_s_cat=&amp;s=home&amp;post_type=listing\">click here<\/a>.<\/h5>\n<h5><strong><img decoding=\"async\" class=\"emoji\" role=\"img\" draggable=\"false\" src=\"https:\/\/s.w.org\/images\/core\/emoji\/14.0.0\/svg\/27a1.svg\" alt=\"\u27a1\ufe0f\"> To read news, interviews or tips related to this Goal, <a href=\"https:\/\/peggada.com\/tag\/sdg-11\/?lang=en\">click here<\/a>.<\/strong><\/h5>\n<h5>\u27a1\ufe0f Want to know more about the 17 United Nations Sustainable Development Goals? <a href=\"https:\/\/peggada.com\/sustainable-development-goals\/?lang=en\">Click here<\/a><\/h5>\n<div> <\/div>\n\t\t\t\t\t\t\t\t<\/div>\n\t\t\t\t<\/div>\n\t\t\t\t\t<\/div>\n\t\t\t\t<\/div>\n\t\t\t\t<\/div>\n\t\t","protected":false},"excerpt":{"rendered":"<p>The rental is supported by a private sharing application and a digital platform that manages the fleet and users. After Spain, France and Italy, Portuguese companies can now also enjoy a fleet of electric motorcycles and bicycles, made available by Cooltra&#8216;s private-sharing service. The initiative is called Primos and is the first to be prepared [&hellip;]<\/p>\n","protected":false},"author":1,"featured_media":18402,"comment_status":"open","ping_status":"open","sticky":false,"template":"","format":"standard","meta":{"footnotes":""},"categories":[540],"tags":[2116,543,2118,2117,2119],"class_list":["post-18426","post","type-post","status-publish","format-standard","has-post-thumbnail","hentry","category-news","tag-electric-cars","tag-mobility","tag-sdg-11","tag-sofia-vila-flor-en","tag-sustainable-development-goal-11"],"_links":{"self":[{"href":"https:\/\/peggada.com\/en\/wp-json\/wp\/v2\/posts\/18426","targetHints":{"allow":["GET"]}}],"collection":[{"href":"https:\/\/peggada.com\/en\/wp-json\/wp\/v2\/posts"}],"about":[{"href":"https:\/\/peggada.com\/en\/wp-json\/wp\/v2\/types\/post"}],"author":[{"embeddable":true,"href":"https:\/\/peggada.com\/en\/wp-json\/wp\/v2\/users\/1"}],"replies":[{"embeddable":true,"href":"https:\/\/peggada.com\/en\/wp-json\/wp\/v2\/comments?post=18426"}],"version-history":[{"count":0,"href":"https:\/\/peggada.com\/en\/wp-json\/wp\/v2\/posts\/18426\/revisions"}],"wp:featuredmedia":[{"embeddable":true,"href":"https:\/\/peggada.com\/en\/wp-json\/wp\/v2\/media\/18402"}],"wp:attachment":[{"href":"https:\/\/peggada.com\/en\/wp-json\/wp\/v2\/media?parent=18426"}],"wp:term":[{"taxonomy":"category","embeddable":true,"href":"https:\/\/peggada.com\/en\/wp-json\/wp\/v2\/categories?post=18426"},{"taxonomy":"post_tag","embeddable":true,"href":"https:\/\/peggada.com\/en\/wp-json\/wp\/v2\/tags?post=18426"}],"curies":[{"name":"wp","href":"https:\/\/api.w.org\/{rel}","templated":true}]}}